[{"@context":"https:\/\/schema.org\/","@type":"Article","@id":"https:\/\/www.vicki.sk\/ked-motoristov-cakaju-lepsie-casy\/#Article","mainEntityOfPage":"https:\/\/www.vicki.sk\/ked-motoristov-cakaju-lepsie-casy\/","headline":"Ke\u010f motoristov \u010dakaj\u00fa lep\u0161ie \u010dasy","name":"Ke\u010f motoristov \u010dakaj\u00fa lep\u0161ie \u010dasy","description":"O tom \u017ee politici zrejme ne\u017eij\u00fa s nami na jednej plan\u00e9te je pri niektor\u00fdch ich n\u00e1vrhoch nemo\u017en\u00e9 nepochybova\u0165. \u010cas od \u010dasu sa ale n\u00e1jde politick\u00e1 strana ktor\u00e1 dok\u00e1\u017ee pr\u00edjemne prekvapi\u0165 t\u00fdm \u017ee nej nevypadne \u010fal\u0161\u00ed \u0161kand\u00e1l. Ale dalo by sa... <a class=\"more-link\" href=\"https:\/\/www.vicki.sk\/ked-motoristov-cakaju-lepsie-casy\/\">Pokra\u010dovat ve \u010dten\u00ed &rarr;<\/a>","datePublished":"2019-10-08","dateModified":"2023-07-21","author":{"@type":"Person","@id":"https:\/\/www.vicki.sk\/author\/#Person","name":"","url":"https:\/\/www.vicki.sk\/author\/","identifier":1,"image":{"@type":"ImageObject","@id":"https:\/\/secure.gravatar.com\/avatar\/13dbcc20b7c05fcb5c4a6b0bee5a7107a0aae9238a83a4088a42d170780b2eca?s=96&d=mm&r=g","url":"https:\/\/secure.gravatar.com\/avatar\/13dbcc20b7c05fcb5c4a6b0bee5a7107a0aae9238a83a4088a42d170780b2eca?s=96&d=mm&r=g","height":96,"width":96}},"publisher":{"@type":"Organization","name":"vicki.sk","logo":{"@type":"ImageObject","@id":"\/logo.png","url":"\/logo.png","width":600,"height":60}},"image":{"@type":"ImageObject","@id":"https:\/\/www.vicki.sk\/wp-content\/uploads\/img_a307674_w16877_t1572020685.jpg","url":"https:\/\/www.vicki.sk\/wp-content\/uploads\/img_a307674_w16877_t1572020685.jpg","height":0,"width":0},"url":"https:\/\/www.vicki.sk\/ked-motoristov-cakaju-lepsie-casy\/","about":["Moto"],"wordCount":413,"articleBody":"O tom \u017ee politici zrejme ne\u017eij\u00fa s nami na jednej plan\u00e9te je pri niektor\u00fdch ich n\u00e1vrhoch nemo\u017en\u00e9 nepochybova\u0165. \u010cas od \u010dasu sa ale n\u00e1jde politick\u00e1 strana ktor\u00e1 dok\u00e1\u017ee pr\u00edjemne prekvapi\u0165 t\u00fdm \u017ee nej nevypadne \u010fal\u0161\u00ed \u0161kand\u00e1l. Ale dalo by sa poveda\u0165 celkom rozumn\u00fd n\u00e1vrh. V tomto pr\u00edpade si na svoje pr\u00eddu najme motoristi preto\u017ee jedna z politick\u00fdch str\u00e1n sa rozhodla u\u013eah\u010di\u0165 \u017eivot pr\u00e1ve im. A tak v\u00e1m prin\u00e1\u0161an\u00e9 zop\u00e1r n\u00e1vrhov ktor\u00e9 si pre n\u00e1s motoristov vymysleli m\u00fadre hlavy tam hore. Koniec n\u00e1lepk\u00e1m STK a EK Kontrolu technick\u00e9ho stavu vozidla ako aj emisie ktor\u00e9 vyprodukuje je na Slovensku povinn\u00e9 kontrolova\u0165 pravidelne ka\u017ed\u00e9 2 roky. Preto je na zamyslenie, pre\u010do v digit\u00e1lnej dobe v akej sa v s\u00fa\u010dasnosti nach\u00e1dzame. Je povinnos\u0165 lepi\u0165 n\u00e1lepky o vykonan\u00ed kontroly na \u010deln\u00e9 sklo. Pol\u00edcia si vie platnos\u0165 STK a EK overi\u0165 online v ich datab\u00e1ze a my vodi\u010di, by sme tak vedeli u\u0161etri\u0165 aj 6\u20ac. Jedin\u00fd kto by na tom stratil je firma ktor\u00e1 n\u00e1lepky vyr\u00e1ba. A tak n\u00e1m neost\u00e1va ni\u010d in\u00e9 ako da\u0165 palec hore za dobr\u00fd n\u00e1pad.Dos\u0165 bolo kamier Kamery na staniciach STK sp\u00f4sobili iba v\u00fddavky staniciam technickej kontroly. Kto bol na kontrole vozidla a nemal v\u0161etko ako mal ten viem o \u010dom je re\u010d. A zbyto\u010dne sa tu budeme oh\u00e1\u0148a\u0165 tabu\u013ekami \u017ee ko\u013eko vrakov u\u017e nejazd\u00ed po cest\u00e1ch. \u013dudia museli akur\u00e1t siahnu\u0165 hlb\u0161ie do kapsy. Ve\u010f viete, je to na kamere. Nehovoriac o tom \u017ee sa tu bav\u00edme o naru\u0161en\u00ed s\u00fakromia zamestnancov. A v\u0161etci si e\u0161te pam\u00e4taj\u00fa ak\u00e9 halo bolo s GDPR a ochrane s\u00fakromia.EV\u010c u\u017e nem\u00e1 by\u0165 naviazan\u00e9 na auto Na Slovensku je samozrejmos\u0165ou plati\u0165 v\u0161ade a za v\u0161etko. A tak nikoho neprekvap\u00ed \u017ee eviden\u010dn\u00e9 \u010d\u00edslo vozidla je naviazan\u00e9 na vozidlo a nie na jeho majite\u013ea. V tomto pr\u00edpade ale ost\u00e1va rozum st\u00e1\u0165 pre\u010do je e\u0161te st\u00e1le tomu tak. No do \u00favahy pripad\u00e1 iba jedno. Pre niekoho je to v\u00fdhodn\u00fd biznis a bez boja sa nevzd\u00e1. Na\u0161\u0165astie aj tu svit\u00e1 na lep\u0161ie \u010dasy a je tak dos\u0165 mo\u017en\u00e9 \u017ee si u\u017e pri prepise automobilu nebudeme musie\u0165 kupova\u0165 nov\u00e9 EV\u010c.                                                                                                                                                                                                                                                                                                                                                                                        4.3\/5 - (13 votes)        "},{"@context":"https:\/\/schema.org\/","@type":"BreadcrumbList","itemListElement":[{"@type":"ListItem","position":1,"name":"Ke\u010f motoristov \u010dakaj\u00fa lep\u0161ie \u010dasy","item":"https:\/\/www.vicki.sk\/ked-motoristov-cakaju-lepsie-casy\/#breadcrumbitem"}]}]