[{"@context":"https:\/\/schema.org\/","@type":"Article","@id":"https:\/\/www.vicki.sk\/ropa-konci-a-vedia-to-aj-ropne-spolocnosti\/#Article","mainEntityOfPage":"https:\/\/www.vicki.sk\/ropa-konci-a-vedia-to-aj-ropne-spolocnosti\/","headline":"Ropa kon\u010d\u00ed, a vedia to aj ropn\u00e9 spolo\u010dnosti","name":"Ropa kon\u010d\u00ed, a vedia to aj ropn\u00e9 spolo\u010dnosti","description":"Na ekol\u00f3giu a ekologick\u00e9 formy prepravy sa dnes h\u013ead\u00ed s n\u00e1dejou \u017ee sa t\u00fdm vyrie\u0161ia probl\u00e9my s glob\u00e1lnym otep\u013eovan\u00edm. Tak si to aspo\u0148 politici predstavuj\u00fa a myslia si \u017ee p\u00e1r re\u010d\u00ed o tom ako n\u00e1m bude dobre sta\u010d\u00ed. No ani... <a class=\"more-link\" href=\"https:\/\/www.vicki.sk\/ropa-konci-a-vedia-to-aj-ropne-spolocnosti\/\">Pokra\u010dovat ve \u010dten\u00ed &rarr;<\/a>","datePublished":"2019-10-12","dateModified":"2023-07-21","author":{"@type":"Person","@id":"https:\/\/www.vicki.sk\/author\/#Person","name":"","url":"https:\/\/www.vicki.sk\/author\/","identifier":1,"image":{"@type":"ImageObject","@id":"https:\/\/secure.gravatar.com\/avatar\/13dbcc20b7c05fcb5c4a6b0bee5a7107a0aae9238a83a4088a42d170780b2eca?s=96&d=mm&r=g","url":"https:\/\/secure.gravatar.com\/avatar\/13dbcc20b7c05fcb5c4a6b0bee5a7107a0aae9238a83a4088a42d170780b2eca?s=96&d=mm&r=g","height":96,"width":96}},"publisher":{"@type":"Organization","name":"vicki.sk","logo":{"@type":"ImageObject","@id":"\/logo.png","url":"\/logo.png","width":600,"height":60}},"image":{"@type":"ImageObject","@id":"https:\/\/www.vicki.sk\/wp-content\/uploads\/img_a307677_w16877_t1572020960.jpg","url":"https:\/\/www.vicki.sk\/wp-content\/uploads\/img_a307677_w16877_t1572020960.jpg","height":0,"width":0},"url":"https:\/\/www.vicki.sk\/ropa-konci-a-vedia-to-aj-ropne-spolocnosti\/","about":["Moto"],"wordCount":392,"articleBody":"Na ekol\u00f3giu a ekologick\u00e9 formy prepravy sa dnes h\u013ead\u00ed s n\u00e1dejou \u017ee sa t\u00fdm vyrie\u0161ia probl\u00e9my s glob\u00e1lnym otep\u013eovan\u00edm. Tak si to aspo\u0148 politici predstavuj\u00fa a myslia si \u017ee p\u00e1r re\u010d\u00ed o tom ako n\u00e1m bude dobre sta\u010d\u00ed. No ani ropn\u00e9 spolo\u010dnosti nezost\u00e1vaj\u00fa pozadu a plne si uvedomuj\u00fa \u017ee \u00e9ra kedy bola ropa hlavnou surovinou na pohon v\u0161etk\u00e9ho naokolo je na svojom konci. A tak sa stala spolo\u010dnos\u0165 Respol, \u010fal\u0161ou ropnou spolo\u010dnos\u0165ou ktor\u00e1 nenechala ni\u010d na n\u00e1hodu a investovala do nab\u00edjac\u00edch stan\u00edc pre elektromobily. Za zmienku tie\u017e stoj\u00ed spomen\u00fa\u0165 \u017ee pr\u00e1ve t\u00e1to firma stoj\u00ed za najr\u00fdchlej\u0161ou nab\u00edjacou stanicou v Eur\u00f3pe. Lep\u0161ie povedan\u00e9, je mo\u017en\u00e9 nabi\u0165 bat\u00e9rie v\u00e1\u0161ho vozidla za takmer rovnak\u00fd \u010das ako trv\u00e1 be\u017en\u00e9 tankovanie a preto je jasn\u00e9 \u017ee sa na trhu len tak t\u00e1to firma nestrat\u00ed. Skr\u00e1tka, je pripraven\u00e1 na nov\u00fa \u00e9ru ktor\u00e1 pomaly ale isto nast\u00e1va. Spom\u00ednan\u00e1 najr\u00fdchlej\u0161ia stanica sa sklad\u00e1 zo \u0161tyroch termin\u00e1loch o v\u00fdkone 400K W. V podstate to znamen\u00e1 \u017ee tak boli s bezpe\u010dn\u00fdm n\u00e1skokom prekonan\u00e9 v\u0161etky konkuren\u010dn\u00e9 nab\u00edjacie stanice. Tie dosahovali okolo 350 kW. Pri\u010dom Respol je spoluvlastn\u00edk firmy \u201eIbil\u201c a t\u00e1 stoj\u00ed za technickou str\u00e1nkou nab\u00edja\u010dky. Treba tie\u017e uvies\u0165 \u017ee za invertor-mi a termin\u00e1lmi stoj\u00ed \u010fal\u0161ia spolo\u010dnos\u0165. A tou je nik in\u00fd ako \u0161panielska firma Ormazabal. A ke\u010f\u017ee v\u0161etci \u00fa\u010dastn\u00edci projektu s\u00fa zo \u0160panielska, jedn\u00e1 sa tak o \u010disto \u0160panielski produkt. Azda jedin\u00fdm probl\u00e9mom pri takomto r\u00fdchlo nabit\u00ed, niesu paradoxne termin\u00e1ly ale vozidl\u00e1. Te\u00f3ria n\u00e1m s\u00edce hovor\u00ed \u017ee pri tomto v\u00fdkony by sa dalo auto nabi\u0165 za okolo 10-15 min\u00fat. No v s\u00fa\u010dasnosti \u017eiadne tak\u00e9 neexistuje. Dokonca a\u017e niekedy v priebehu bud\u00faceho roka bude dostupn\u00e9 Porsche a to zvl\u00e1dne ako tak 270KW, neskor \u00fadajne a\u017e 350KW. No tu sa bav\u00edme o pr\u00e9miov\u00fdch modeloch ak\u00e9 si len m\u00e1lokto dovol\u00ed zak\u00fapi\u0165. A preto bude zauj\u00edmav\u00e9 sledova\u0165 ako sa k tomuto probl\u00e9mu postavia v\u00fdrobcovia dostupnej\u0161\u00edch vozidiel ktor\u00e9 si u\u017e kto to zvl\u00e1dne k\u00fapi\u0165.                                                                                                                                                                                                                                                                                                                                                                                        4.9\/5 - (7 votes)        "},{"@context":"https:\/\/schema.org\/","@type":"BreadcrumbList","itemListElement":[{"@type":"ListItem","position":1,"name":"Ropa kon\u010d\u00ed, a vedia to aj ropn\u00e9 spolo\u010dnosti","item":"https:\/\/www.vicki.sk\/ropa-konci-a-vedia-to-aj-ropne-spolocnosti\/#breadcrumbitem"}]}]